{"id":223570,"global_id":"nueva-acropolis.es\/gl\/?id=223570","global_id_lineage":["nueva-acropolis.es\/gl\/?id=223570"],"author":"25","status":"publish","date":"2026-02-09 09:57:05","date_utc":"2026-02-09 08:57:05","modified":"2026-03-13 21:57:13","modified_utc":"2026-03-13 20:57:13","url":"https:\/\/nueva-acropolis.es\/gl\/evento\/charla-coloquio-hannah-arendt-el-fin-de-la-indiferencia\/","rest_url":"https:\/\/nueva-acropolis.es\/gl\/wp-json\/tribe\/events\/v1\/events\/223570","title":"Charla-coloquio: &#8220;Hannah Arendt: El fin de la indiferencia&#8221;.","description":"<div>\u00bfHemos olvidado c\u00f3mo pensar por nosotros mismos?<\/div>\n<div style=\"margin-top: 20px\">\n<div style=\"margin: 20px 10px;font-size: 15px;line-height: 22px;font-weight: 400;text-align: left\">\n<p>Charla-coloquio: &#8220;HANNAH ARENDT: EL F\u00cdN DE LA INDIFERENCIA&#8221;<br \/>viernes 13 de marzo a las 19:30 horas.<br \/>Consigue tu entrada gratuita: <a href=\"https:\/\/bit.ly\/3ZWVNBz?fbclid=IwZXh0bgNhZW0CMTAAYnJpZBExdWdZeHVNNld1Z0NBQnVyaHNydGMGYXBwX2lkEDIyMjAzOTE3ODgyMDA4OTIAAR6rkTnWlhO4Na2iLpvw5A11fS9_xYewMifHViwgofzSR0YE_0E0a985jBCUrA_aem_KBp6s56VZBd6MYBqvuvMUg\" title=\"https:\/\/bit.ly\/3ZWVNBz?fbclid=IwZXh0bgNhZW0CMTAAYnJpZBExdWdZeHVNNld1Z0NBQnVyaHNydGMGYXBwX2lkEDIyMjAzOTE3ODgyMDA4OTIAAR6rkTnWlhO4Na2iLpvw5A11fS9_xYewMifHViwgofzSR0YE_0E0a985jBCUrA_aem_KBp6s56VZBd6MYBqvuvMUg\" target=\"_blank\" data-msys-clicktrack=\"0\" rel=\"nofollow noopener noreferrer\">https:\/\/bit.ly\/3ZWVNBz<\/a><\/p>\n<p>o por whatsapp: 620 972 419\u00bfHemos olvidado c\u00f3mo pensar por nosotros mismos?<\/p>\n<p>En un mundo lleno de ruido, el silencio y la indiferencia pueden ser nuestros mayores enemigos. Hannah Arendt nos ense\u00f1\u00f3 que la libertad no es solo un derecho, sino una pr\u00e1ctica constante que requiere coraje y participaci\u00f3n.Te invitamos a la charla-coloquio: &#8220;Hannah Arendt: El fin de la indiferencia&#8221;. Un espacio para analizar el pensamiento de una de las mentes m\u00e1s brillantes del siglo XX y descubrir por qu\u00e9 su llamado a la &#8220;acci\u00f3n&#8221; es la medicina que nuestra sociedad necesita hoy.<\/p>\n<p>&#8211; Fecha: Viernes 13 de marzo.<\/p>\n<p>&#8211; Lugar: Nueva Acr\u00f3polis Vigo<\/p>\n<p>&#8211; Hora: 19:30 horas<\/p>\n<p>No te quedes al margen. \u00a1Ven a debatir y a despertar el pensamiento cr\u00edtico!<\/p>\n<\/div>\n<\/div>","excerpt":"","slug":"charla-coloquio-hannah-arendt-el-fin-de-la-indiferencia","image":{"url":"https:\/\/nueva-acropolis.es\/wp-content\/uploads\/2026\/02\/223570_image-1.png","id":232128,"extension":"png","width":984,"height":525,"filesize":421762,"sizes":{"medium":{"width":300,"height":160,"mime-type":"image\/png","filesize":36047,"url":"https:\/\/nueva-acropolis.es\/wp-content\/uploads\/2026\/02\/223570_image-1-300x160.png"},"thumbnail":{"width":150,"height":150,"mime-type":"image\/png","filesize":17961,"url":"https:\/\/nueva-acropolis.es\/wp-content\/uploads\/2026\/02\/223570_image-1-150x150.png"},"medium_large":{"width":768,"height":410,"mime-type":"image\/png","filesize":231926,"url":"https:\/\/nueva-acropolis.es\/wp-content\/uploads\/2026\/02\/223570_image-1-768x410.png"},"shop-page-wp-product":{"width":300,"height":160,"mime-type":"image\/png","filesize":36038,"url":"https:\/\/nueva-acropolis.es\/wp-content\/uploads\/2026\/02\/223570_image-1-300x160.png"}}},"all_day":false,"start_date":"2026-03-13 19:30:00","start_date_details":{"year":"2026","month":"03","day":"13","hour":"19","minutes":"30","seconds":"00"},"end_date":"2026-03-13 21:00:00","end_date_details":{"year":"2026","month":"03","day":"13","hour":"21","minutes":"00","seconds":"00"},"utc_start_date":"2026-03-13 18:30:00","utc_start_date_details":{"year":"2026","month":"03","day":"13","hour":"18","minutes":"30","seconds":"00"},"utc_end_date":"2026-03-13 20:00:00","utc_end_date_details":{"year":"2026","month":"03","day":"13","hour":"20","minutes":"00","seconds":"00"},"timezone":"Africa\/Abidjan","timezone_abbr":"","cost":"","cost_details":{"currency_symbol":"","currency_code":"","currency_position":"","values":[]},"website":"https:\/\/www.eventbrite.es\/e\/charla-coloquio-hannah-arendt-el-fin-de-la-indiferencia-tickets-1982636902346","show_map":true,"show_map_link":true,"hide_from_listings":false,"sticky":false,"featured":false,"categories":[{"name":"Vigo","slug":"vigo","term_group":0,"term_taxonomy_id":114,"taxonomy":"tribe_events_cat","description":"","parent":0,"count":74,"filter":"raw","id":114,"urls":{"self":"https:\/\/nueva-acropolis.es\/gl\/wp-json\/tribe\/events\/v1\/categories\/114","collection":"https:\/\/nueva-acropolis.es\/gl\/wp-json\/tribe\/events\/v1\/categories"}}],"tags":[],"venue":{"id":174108,"status":"publish","date":"2025-08-14 18:17:26","date_utc":"2025-08-14 16:17:26","modified":"2025-08-14 18:17:26","modified_utc":"2025-08-14 16:17:26","url":"https:\/\/nueva-acropolis.es\/lugar\/nueva-acropolis-vigo\/","venue":"Nueva Acr\u00f3polis Vigo","slug":"nueva-acropolis-vigo","address":"Avda. Gran V\u00eda, 2 - 3\u00ba Vigo, 36203 Vigo","city":"Vigo","country":"ES","state":"Espa\u00f1a","zip":"36203","json_ld":{"@type":"Place","name":"Nueva Acr\u00f3polis Vigo","description":"","url":"","address":{"@type":"PostalAddress","streetAddress":"Avda. Gran V\u00eda, 2 - 3\u00ba Vigo, 36203 Vigo","addressLocality":"Vigo","postalCode":"36203","addressCountry":"ES"},"telephone":"","sameAs":""},"show_map":true,"show_map_link":true,"global_id":"nueva-acropolis.es\/gl\/?id=174108","global_id_lineage":["nueva-acropolis.es\/gl\/?id=174108"]},"organizer":[{"id":174107,"author":"1","status":"publish","date":"2025-08-14 18:17:26","date_utc":"2025-08-14 16:17:26","modified":"2025-11-12 20:03:22","modified_utc":"2025-11-12 19:03:22","url":"https:\/\/nueva-acropolis.es\/organizador\/nueva-acropolis-vigo\/","organizer":"Nueva Acr\u00f3polis Vigo","slug":"nueva-acropolis-vigo","website":"https:\/\/www.eventbrite.es\/o\/nueva-acropolis-vigo-114669026461","json_ld":{"@type":"Person","name":"Nueva Acr\u00f3polis Vigo","description":"","url":"https:\/\/www.eventbrite.es\/o\/nueva-acropolis-vigo-114669026461","telephone":"","email":"","sameAs":"https:\/\/www.eventbrite.es\/o\/nueva-acropolis-vigo-114669026461"},"global_id":"nueva-acropolis.es\/gl\/?id=174107","global_id_lineage":["nueva-acropolis.es\/gl\/?id=174107"]}],"custom_fields":[],"json_ld":{"@context":"http:\/\/schema.org","@type":"Event","name":"Charla-coloquio: &#8220;Hannah Arendt: El fin de la indiferencia&#8221;.","description":"&lt;p&gt;\u00bfHemos olvidado c\u00f3mo pensar por nosotros mismos?Charla-coloquio: &quot;HANNAH ARENDT: EL F\u00cdN DE LA INDIFERENCIA&quot;viernes 13 de marzo a las 19:30 horas.Consigue tu entrada gratuita: https:\/\/bit.ly\/3ZWVNBzo por whatsapp: 620 972 419\u00bfHemos [&hellip;]&lt;\/p&gt;\\n","image":"https:\/\/nueva-acropolis.es\/wp-content\/uploads\/2026\/02\/223570_image-1.png","url":"https:\/\/nueva-acropolis.es\/gl\/evento\/charla-coloquio-hannah-arendt-el-fin-de-la-indiferencia\/","eventAttendanceMode":"https:\/\/schema.org\/OfflineEventAttendanceMode","eventStatus":"https:\/\/schema.org\/EventScheduled","startDate":"2026-03-13T19:30:00+01:00","endDate":"2026-03-13T21:00:00+01:00","location":{"@type":"Place","name":"Nueva Acr\u00f3polis Vigo","description":"","url":"","address":{"@type":"PostalAddress","streetAddress":"Avda. Gran V\u00eda, 2 - 3\u00ba Vigo, 36203 Vigo","addressLocality":"Vigo","postalCode":"36203","addressCountry":"ES"},"telephone":"","sameAs":""},"organizer":{"@type":"Person","name":"Nueva Acr\u00f3polis Vigo","description":"","url":"https:\/\/www.eventbrite.es\/o\/nueva-acropolis-vigo-114669026461","telephone":"","email":"","sameAs":"https:\/\/www.eventbrite.es\/o\/nueva-acropolis-vigo-114669026461"},"performer":"Organization"}}