{"id":220129,"global_id":"nueva-acropolis.es\/gl\/?id=220129","global_id_lineage":["nueva-acropolis.es\/gl\/?id=220129"],"author":"40","status":"publish","date":"2026-01-28 12:05:04","date_utc":"2026-01-28 11:05:04","modified":"2026-03-03 21:04:17","modified_utc":"2026-03-03 20:04:17","url":"https:\/\/nueva-acropolis.es\/gl\/evento\/curso-filosofia-para-vivir-43\/","rest_url":"https:\/\/nueva-acropolis.es\/gl\/wp-json\/tribe\/events\/v1\/events\/220129","title":"Curso Filosof\u00eda para Vivir","description":"<div>Explora y crece con el curso Filosof\u00eda para Vivir<\/div>\n<div style=\"margin-top: 20px\">\n<div style=\"margin: 20px 10px;font-size: 15px;line-height: 22px;font-weight: 400;text-align: left\">\n<p><strong><strong>Descripci\u00f3n<\/strong><\/strong><\/p>\n<p>Un curso te\u00f3rico-pr\u00e1ctico para acercarse a las principales filosof\u00edas de Oriente y Occidente, en el que aprender a potenciar la \u00e9tica y los valores, mejorar las relaciones humanas y construir el futuro.<\/p>\n<p><strong><strong>&#8212;&#8212;&#8212;&#8212;&#8212;&#8212;&#8212;&#8212;&#8212;&#8212;&#8212;&#8212;&#8212;&#8212;&#8212;&#8212;&#8212;&#8212;&#8212;&#8211;<\/strong><\/strong><\/p>\n<p><strong><strong>\u2705 ACTIVIDAD PRESENCIAL<\/strong><\/strong><\/p>\n<p><strong><strong>\ud83d\udcc5 Fechas:<\/strong><\/strong><br \/>&#8211;<strong><strong> <\/strong><\/strong>Martes 3 de marzo &#8211; 19:00 h<br \/>&#8211; Mi\u00e9rcoles 4 de marzo &#8211; 19:00 h<\/p>\n<p><strong><strong>\ud83d\udccdLugar: <\/strong><\/strong>Carrer d&#8217;Eusebi Estada, 62, Nord, 07004 Palma, Illes Balears<\/p>\n<p><strong><strong>\ud83d\udc64 Aforo: <\/strong><\/strong>Plazas limitadas (se requiere reserva)<\/p>\n<p><strong><strong>\ud83d\udcda Metodolog\u00eda: <\/strong><\/strong>Una clase por tema (estas clases tendr\u00e1n una duraci\u00f3n de dos horas), un d\u00eda a la semana<\/p>\n<p><strong><strong>\u23f1 Duraci\u00f3n: <\/strong><\/strong>6 meses (50 horas)<\/p>\n<p><em><strong><strong>Presentaci\u00f3n y primera clase gratuita.<\/strong><\/strong><\/em><\/p>\n<p><strong><strong>Coste del curso: <\/strong><\/strong>35 \u20ac al mes.<\/p>\n<p><strong><strong>\ud83d\udd34 Requisitos:<\/strong><\/strong><\/p>\n<ul>\n<li>Tener reserva previa<\/li>\n<li>Asistir con 10 min. de antelaci\u00f3n de la hora de inicio<\/li>\n<\/ul>\n<p><strong><strong>&#8212;&#8212;&#8212;&#8212;&#8212;&#8212;&#8212;&#8212;&#8212;&#8212;&#8212;&#8212;-<\/strong><\/strong><\/p>\n<p><strong><strong>A qui\u00e9n va dirigido el curso: <\/strong><\/strong>Su forma, sencilla y profunda a la vez, permite que cualquier persona pueda seguirlo.<\/p>\n<p><strong><strong>Objetivo:<\/strong><\/strong> Ser una fuente de inspiraci\u00f3n para afrontar las grandes preguntas del ser humano, con sus retos personales y colectivos.<\/p>\n<p>&#8212;&#8212;&#8212;&#8212;&#8212;&#8212;&#8212;&#8212;&#8212;&#8212;&#8212;&#8212;-<\/p>\n<h2><strong><strong>Temario del <\/strong><\/strong><em><strong><strong>Curso de Filosof\u00eda para Vivir<\/strong><\/strong><\/em><strong><strong> <\/strong><\/strong><\/h2>\n<h3><strong><strong>\ud83d\udd39 PARA POTENCIAR LA \u00c9TICA Y LOS VALORES:<\/strong><\/strong><\/h3>\n<h3><strong><strong>1. Filosof\u00eda natural<\/strong><\/strong><\/h3>\n<ul>\n<li>Los siete principios de la naturaleza<\/li>\n<li>\u00bfC\u00f3mo reconocer y desarrollar los valores humanos?<\/li>\n<\/ul>\n<h3><strong><strong>2. El ser humano y el cosmos<\/strong><\/strong><\/h3>\n<ul>\n<li>Consecuencias de nuestras acciones<\/li>\n<li>Dharma-Karma. Teor\u00eda de la reencarnaci\u00f3n<\/li>\n<\/ul>\n<h3><strong><strong>3. La sabidur\u00eda de la India<\/strong><\/strong><\/h3>\n<ul>\n<li>Simbolismo del <em><em>Bhagavad G\u00eet\u00e2<\/em><\/em><\/li>\n<li>Planteamiento del conflicto interior<\/li>\n<\/ul>\n<h3><strong><strong>4. Los misterios del T\u00edbet<\/strong><\/strong><\/h3>\n<ul>\n<li>Antiguos textos tibetanos: <em><em>La Voz del Silencio<\/em><\/em><\/li>\n<li>El valor de la introspecci\u00f3n y la reflexi\u00f3n<\/li>\n<\/ul>\n<h3><strong><strong>5. Filosof\u00eda budista<\/strong><\/strong><\/h3>\n<ul>\n<li>El dolor como veh\u00edculo de conciencia<\/li>\n<li>Las crisis: comprensi\u00f3n y superaci\u00f3n<\/li>\n<\/ul>\n<h3><strong><strong>6. La sabidur\u00eda de China<\/strong><\/strong><\/h3>\n<ul>\n<li>Confucio y sus ense\u00f1anzas<\/li>\n<li>La \u00e9tica en lo colectivo<\/li>\n<\/ul>\n<p><\/p>\n<h3><strong><strong>\ud83d\udd39 PARA MEJORAR LAS RELACIONES HUMANAS:<\/strong><\/strong><\/h3>\n<h3><strong><strong>7. El reto de vivir en sociedad<\/strong><\/strong><\/h3>\n<ul>\n<li>El factor humano<\/li>\n<li>Los problemas del mundo y el ser humano actual<\/li>\n<\/ul>\n<h3><strong><strong>8. Plat\u00f3n<\/strong><\/strong><\/h3>\n<ul>\n<li>El mito de la caverna: claves de interpretaci\u00f3n<\/li>\n<\/ul>\n<h3><strong><strong>9. Arist\u00f3teles<\/strong><\/strong><\/h3>\n<ul>\n<li>La b\u00fasqueda de la felicidad<\/li>\n<\/ul>\n<h3><strong><strong>10. Plotino y la escuela neoplat\u00f3nica<\/strong><\/strong><\/h3>\n<ul>\n<li>La escuela ecl\u00e9ctica de Alejandr\u00eda<\/li>\n<\/ul>\n<h3><strong><strong>11. Importancia de la educaci\u00f3n<\/strong><\/strong><\/h3>\n<ul>\n<li>El ciudadano y su protagonismo<\/li>\n<li>Saber pensar, saber elegir<\/li>\n<\/ul>\n<h3><strong><strong>12. Egipto<\/strong><\/strong><\/h3>\n<ul>\n<li>La regla de Maat<\/li>\n<li>La justicia como impulso colectivo<\/li>\n<\/ul>\n<h3><strong><strong>13. El estoicismo: Ep\u00edcteto, S\u00e9neca y Marco Aurelio<\/strong><\/strong><\/h3>\n<ul>\n<li>Roma y los ciudadanos del mundo<\/li>\n<\/ul>\n<p><\/p>\n<h3><strong><strong>\ud83d\udd39 PARA CONSTRUIR EL FUTURO:<\/strong><\/strong><\/h3>\n<h3><strong><strong>14. Filosof\u00eda de la historia<\/strong><\/strong><\/h3>\n<ul>\n<li>La experiencia como motor de futuro<\/li>\n<\/ul>\n<h3><strong><strong>15. Importancia de la transmisi\u00f3n<\/strong><\/strong><\/h3>\n<ul>\n<li>Historia: fuentes, fundamentos y ciencias complementarias<\/li>\n<\/ul>\n<h3><strong><strong>16. Historia y mitolog\u00eda<\/strong><\/strong><\/h3>\n<ul>\n<li>Realidad psicol\u00f3gica de los mitos<\/li>\n<li>Propiedades de los s\u00edmbolos<\/li>\n<\/ul>\n<h3><strong><strong>17. Los ciclos de la historia<\/strong><\/strong><\/h3>\n<ul>\n<li>El movimiento de la humanidad<\/li>\n<li>La rueda de la historia<\/li>\n<\/ul>\n<h3><strong><strong>18. Libertad y destino<\/strong><\/strong><\/h3>\n<ul>\n<li>Teor\u00eda hist\u00f3rica de Cicer\u00f3n<\/li>\n<li>Los arquetipos fijos y la evoluci\u00f3n de la humanidad<\/li>\n<li>Llegar a ser protagonista de la historia<\/li>\n<li>Llaves para abrir las puertas del futuro<\/li>\n<\/ul>\n<h3><strong><strong>Pr\u00e1cticas de Psicolog\u00eda:<\/strong><\/strong><\/h3>\n<p>El curso incluye pr\u00e1cticas de psicolog\u00eda sobre: conciencia, concentraci\u00f3n, atenci\u00f3n, memoria, h\u00e1bitos, inteligencia, imaginaci\u00f3n, voluntad\u2026<\/p>\n<p><\/p>\n<\/div>\n<\/div>","excerpt":"","slug":"curso-filosofia-para-vivir-43","image":{"url":"https:\/\/nueva-acropolis.es\/wp-content\/uploads\/2026\/01\/220129_image.jpg","id":220133,"extension":"jpg","width":940,"height":470,"filesize":88392,"sizes":{"medium":{"width":300,"height":150,"mime-type":"image\/jpeg","filesize":9835,"url":"https:\/\/nueva-acropolis.es\/wp-content\/uploads\/2026\/01\/220129_image-300x150.jpg"},"thumbnail":{"width":150,"height":150,"mime-type":"image\/jpeg","filesize":5278,"url":"https:\/\/nueva-acropolis.es\/wp-content\/uploads\/2026\/01\/220129_image-150x150.jpg"},"medium_large":{"width":768,"height":384,"mime-type":"image\/jpeg","filesize":59961,"url":"https:\/\/nueva-acropolis.es\/wp-content\/uploads\/2026\/01\/220129_image-768x384.jpg"},"shop-page-wp-product":{"width":300,"height":150,"mime-type":"image\/jpeg","filesize":9820,"url":"https:\/\/nueva-acropolis.es\/wp-content\/uploads\/2026\/01\/220129_image-300x150.jpg"}}},"all_day":false,"start_date":"2026-03-03 19:00:00","start_date_details":{"year":"2026","month":"03","day":"03","hour":"19","minutes":"00","seconds":"00"},"end_date":"2026-03-03 21:00:00","end_date_details":{"year":"2026","month":"03","day":"03","hour":"21","minutes":"00","seconds":"00"},"utc_start_date":"2026-03-03 18:00:00","utc_start_date_details":{"year":"2026","month":"03","day":"03","hour":"18","minutes":"00","seconds":"00"},"utc_end_date":"2026-03-03 20:00:00","utc_end_date_details":{"year":"2026","month":"03","day":"03","hour":"20","minutes":"00","seconds":"00"},"timezone":"Africa\/Abidjan","timezone_abbr":"","cost":"","cost_details":{"currency_symbol":"","currency_code":"","currency_position":"","values":[]},"website":"https:\/\/www.eventbrite.es\/e\/entradas-curso-filosofia-para-vivir-1981844465145","show_map":true,"show_map_link":true,"hide_from_listings":false,"sticky":false,"featured":false,"categories":[{"name":"Palma","slug":"palma","term_group":0,"term_taxonomy_id":131,"taxonomy":"tribe_events_cat","description":"","parent":0,"count":32,"filter":"raw","id":131,"urls":{"self":"https:\/\/nueva-acropolis.es\/gl\/wp-json\/tribe\/events\/v1\/categories\/131","collection":"https:\/\/nueva-acropolis.es\/gl\/wp-json\/tribe\/events\/v1\/categories"}}],"tags":[],"venue":{"id":227834,"status":"publish","date":"2026-02-21 17:05:09","date_utc":"2026-02-21 16:05:09","modified":"2026-02-21 17:05:09","modified_utc":"2026-02-21 16:05:09","url":"https:\/\/nueva-acropolis.es\/lugar\/nova-acropolis-palma\/","venue":"Nova Acr\u00f2polis Palma","slug":"nova-acropolis-palma","address":"62 Carrer d'Eusebi Estada, 07004 Palma","city":"Palma","country":"ES","state":"IB","zip":"07004","json_ld":{"@type":"Place","name":"Nova Acr\u00f2polis Palma","description":"","url":"","address":{"@type":"PostalAddress","streetAddress":"62 Carrer d&#039;Eusebi Estada, 07004 Palma","addressLocality":"Palma","postalCode":"07004","addressCountry":"ES"},"telephone":"","sameAs":""},"show_map":true,"show_map_link":true,"global_id":"nueva-acropolis.es\/gl\/?id=227834","global_id_lineage":["nueva-acropolis.es\/gl\/?id=227834"]},"organizer":[{"id":11629,"status":"publish","date":"2024-10-04 13:13:05","date_utc":"2024-10-04 11:13:05","modified":"2024-10-04 13:13:05","modified_utc":"2024-10-04 11:13:05","url":"https:\/\/nueva-acropolis.es\/organizador\/es-raco-de-ses-idees\/","organizer":"Es Rac\u00f3 de ses Idees","slug":"es-raco-de-ses-idees","website":"https:\/\/www.eventbrite.es\/o\/es-raco-de-ses-idees-7772987685","json_ld":{"@type":"Person","name":"Es Rac\u00f3 de ses Idees","description":"","url":"https:\/\/www.eventbrite.es\/o\/es-raco-de-ses-idees-7772987685","telephone":"","email":"","sameAs":"https:\/\/www.eventbrite.es\/o\/es-raco-de-ses-idees-7772987685"},"global_id":"nueva-acropolis.es\/gl\/?id=11629","global_id_lineage":["nueva-acropolis.es\/gl\/?id=11629"]}],"custom_fields":[],"json_ld":{"@context":"http:\/\/schema.org","@type":"Event","name":"Curso Filosof\u00eda para Vivir","description":"&lt;p&gt;Explora y crece con el curso Filosof\u00eda para VivirDescripci\u00f3nUn curso te\u00f3rico-pr\u00e1ctico para acercarse a las principales filosof\u00edas de Oriente y Occidente, en el que aprender a potenciar la \u00e9tica y [&hellip;]&lt;\/p&gt;\\n","image":"https:\/\/nueva-acropolis.es\/wp-content\/uploads\/2026\/01\/220129_image.jpg","url":"https:\/\/nueva-acropolis.es\/gl\/evento\/curso-filosofia-para-vivir-43\/","eventAttendanceMode":"https:\/\/schema.org\/OfflineEventAttendanceMode","eventStatus":"https:\/\/schema.org\/EventScheduled","startDate":"2026-03-03T19:00:00+01:00","endDate":"2026-03-03T21:00:00+01:00","location":{"@type":"Place","name":"Nova Acr\u00f2polis Palma","description":"","url":"","address":{"@type":"PostalAddress","streetAddress":"62 Carrer d&#039;Eusebi Estada, 07004 Palma","addressLocality":"Palma","postalCode":"07004","addressCountry":"ES"},"telephone":"","sameAs":""},"organizer":{"@type":"Person","name":"Es Rac\u00f3 de ses Idees","description":"","url":"https:\/\/www.eventbrite.es\/o\/es-raco-de-ses-idees-7772987685","telephone":"","email":"","sameAs":"https:\/\/www.eventbrite.es\/o\/es-raco-de-ses-idees-7772987685"},"performer":"Organization"}}