{"id":103856,"global_id":"nueva-acropolis.es\/gl\/?id=103856","global_id_lineage":["nueva-acropolis.es\/gl\/?id=103856"],"author":"35","status":"publish","date":"2025-04-06 22:04:35","date_utc":"2025-04-06 20:04:35","modified":"2025-04-30 12:46:22","modified_utc":"2025-04-30 10:46:22","url":"https:\/\/nueva-acropolis.es\/gl\/evento\/cafe-filosofic-la-bellesa-com-a-rebel%c2%b7lia\/","rest_url":"https:\/\/nueva-acropolis.es\/gl\/wp-json\/tribe\/events\/v1\/events\/103856","title":"Caf\u00e8 filos\u00f2fic: La Bellesa com a rebel\u00b7lia","description":"<div>En un m\u00f3n cada vegada m\u00e9s materialista i utilitarista, parlar de poesia, art i bellesa pot semblar in\u00fatil\u2026 o profundament revolucionari.<\/div>\n<div style=\"margin-top: 20px\">\n<div style=\"margin: 20px 10px;font-size: 15px;line-height: 22px;font-weight: 400;text-align: left\">\n<p><em><strong><strong>\u201cLa bellesa salvar\u00e0 el m\u00f3n\u201d ~Dostoyevski<\/strong><\/strong><\/em><\/p>\n<p>Per\u00f2, i si la bellesa fos el que ens mant\u00e9 vius? I si en ella es trob\u00e0s l\u2019ess\u00e8ncia del que som, del que \u00e9s aut\u00e8ntic i eternament hum\u00e0?<\/p>\n<p><em><strong><strong>\u201cL\u2019\u00e9sser hum\u00e0 pot viure sense ci\u00e8ncia, pot viure sense pa, per\u00f2 sense bellesa no podria continuar vivint, perqu\u00e8 no hi hauria res m\u00e9s a fer en el m\u00f3n\u201d ~Dostoyevski<\/strong><\/strong><\/em><\/p>\n<p>Et convidam a reflexionar junts sobre la bellesa com un acte de rebel\u00b7lia, com un gest de resist\u00e8ncia davant la superficialitat i el buit. Perqu\u00e8 la bellesa i la filosofia poden salvar el m\u00f3n. <\/p>\n<p>\u2615 Uneix-te a aquest Caf\u00e8 Filos\u00f2fic per explorar junts aquestes preguntes i compartir idees en un espai de di\u00e0leg i aprenentatge.<\/p>\n<p><strong><strong>\ud83d\udccd T\u2019esperam a la cafeteria Sa Galeria de Can Marc, a Inca! \ud83c\udf31\u2728<\/strong><\/strong><\/p>\n<\/div>\n<div style=\"margin: 20px 0;line-height: 22px\"><\/div>\n<div style=\"margin: 20px 0;line-height: 22px\"><\/div>\n<\/div>","excerpt":"","slug":"cafe-filosofic-la-bellesa-com-a-rebel%c2%b7lia","image":{"url":"https:\/\/nueva-acropolis.es\/wp-content\/uploads\/2025\/04\/103856_image.png","id":103857,"extension":"png","width":2160,"height":1080,"filesize":1130467,"sizes":{"medium":{"width":300,"height":150,"mime-type":"image\/png","filesize":31250,"url":"https:\/\/nueva-acropolis.es\/wp-content\/uploads\/2025\/04\/103856_image-300x150.png"},"large":{"width":1024,"height":512,"mime-type":"image\/png","filesize":282863,"url":"https:\/\/nueva-acropolis.es\/wp-content\/uploads\/2025\/04\/103856_image-1024x512.png"},"thumbnail":{"width":150,"height":150,"mime-type":"image\/png","filesize":16398,"url":"https:\/\/nueva-acropolis.es\/wp-content\/uploads\/2025\/04\/103856_image-150x150.png"},"medium_large":{"width":768,"height":384,"mime-type":"image\/png","filesize":167073,"url":"https:\/\/nueva-acropolis.es\/wp-content\/uploads\/2025\/04\/103856_image-768x384.png"},"1536x1536":{"width":1536,"height":768,"mime-type":"image\/png","filesize":585254,"url":"https:\/\/nueva-acropolis.es\/wp-content\/uploads\/2025\/04\/103856_image-1536x768.png"},"2048x2048":{"width":2048,"height":1024,"mime-type":"image\/png","filesize":992131,"url":"https:\/\/nueva-acropolis.es\/wp-content\/uploads\/2025\/04\/103856_image-2048x1024.png"},"shop-page-wp-product":{"width":300,"height":150,"mime-type":"image\/png","filesize":31250,"url":"https:\/\/nueva-acropolis.es\/wp-content\/uploads\/2025\/04\/103856_image-300x150.png"}}},"all_day":false,"start_date":"2025-04-25 19:00:00","start_date_details":{"year":"2025","month":"04","day":"25","hour":"19","minutes":"00","seconds":"00"},"end_date":"2025-04-25 20:30:00","end_date_details":{"year":"2025","month":"04","day":"25","hour":"20","minutes":"30","seconds":"00"},"utc_start_date":"2025-04-25 17:00:00","utc_start_date_details":{"year":"2025","month":"04","day":"25","hour":"17","minutes":"00","seconds":"00"},"utc_end_date":"2025-04-25 18:30:00","utc_end_date_details":{"year":"2025","month":"04","day":"25","hour":"18","minutes":"30","seconds":"00"},"timezone":"Africa\/Abidjan","timezone_abbr":"CEST","cost":"","cost_details":{"currency_symbol":"","currency_code":"","currency_position":"","values":[]},"website":"https:\/\/www.eventbrite.es\/e\/entradas-cafe-filosofic-la-bellesa-com-a-rebellia-1315438946299","show_map":true,"show_map_link":true,"hide_from_listings":false,"sticky":false,"featured":false,"categories":[{"name":"Inca","slug":"inca","term_group":0,"term_taxonomy_id":125,"taxonomy":"tribe_events_cat","description":"","parent":0,"count":28,"filter":"raw","id":125,"urls":{"self":"https:\/\/nueva-acropolis.es\/gl\/wp-json\/tribe\/events\/v1\/categories\/125","collection":"https:\/\/nueva-acropolis.es\/gl\/wp-json\/tribe\/events\/v1\/categories"}}],"tags":[],"venue":{"id":103855,"status":"publish","date":"2025-04-06 22:04:35","date_utc":"2025-04-06 20:04:35","modified":"2025-04-06 22:04:35","modified_utc":"2025-04-06 20:04:35","url":"https:\/\/nueva-acropolis.es\/lugar\/sa-galeria-can-marc-5\/","venue":"Sa Galeria Can Marc","slug":"sa-galeria-can-marc-5","address":"14 Pla\u00e7a des Blanquer, 07300 Inca","city":"Inca","country":"ES","state":"IB","zip":"07300","json_ld":{"@type":"Place","name":"Sa Galeria Can Marc","description":"","url":"","address":{"@type":"PostalAddress","streetAddress":"14 Pla\u00e7a des Blanquer, 07300 Inca","addressLocality":"Inca","postalCode":"07300","addressCountry":"ES"},"telephone":"","sameAs":""},"show_map":true,"show_map_link":true,"global_id":"nueva-acropolis.es\/gl\/?id=103855","global_id_lineage":["nueva-acropolis.es\/gl\/?id=103855"]},"organizer":[{"id":12758,"status":"publish","date":"2024-10-16 13:17:31","date_utc":"2024-10-16 11:17:31","modified":"2024-10-16 13:17:31","modified_utc":"2024-10-16 11:17:31","url":"https:\/\/nueva-acropolis.es\/organizador\/es-raco-de-ses-idees-inca\/","organizer":"Es Rac\u00f3 de ses Idees &#8211; Inca","slug":"es-raco-de-ses-idees-inca","website":"https:\/\/www.eventbrite.es\/o\/es-raco-de-ses-idees-inca-81935953723","json_ld":{"@type":"Person","name":"Es Rac\u00f3 de ses Idees &#8211; Inca","description":"","url":"https:\/\/www.eventbrite.es\/o\/es-raco-de-ses-idees-inca-81935953723","telephone":"","email":"","sameAs":"https:\/\/www.eventbrite.es\/o\/es-raco-de-ses-idees-inca-81935953723"},"global_id":"nueva-acropolis.es\/gl\/?id=12758","global_id_lineage":["nueva-acropolis.es\/gl\/?id=12758"]}],"custom_fields":[],"json_ld":{"@context":"http:\/\/schema.org","@type":"Event","name":"Caf\u00e8 filos\u00f2fic: La Bellesa com a rebel\u00b7lia","description":"&lt;p&gt;En un m\u00f3n cada vegada m\u00e9s materialista i utilitarista, parlar de poesia, art i bellesa pot semblar in\u00fatil\u2026 o profundament revolucionari.\u201cLa bellesa salvar\u00e0 el m\u00f3n\u201d ~DostoyevskiPer\u00f2, i si la bellesa [&hellip;]&lt;\/p&gt;\\n","image":"https:\/\/nueva-acropolis.es\/wp-content\/uploads\/2025\/04\/103856_image.png","url":"https:\/\/nueva-acropolis.es\/gl\/evento\/cafe-filosofic-la-bellesa-com-a-rebel%c2%b7lia\/","eventAttendanceMode":"https:\/\/schema.org\/OfflineEventAttendanceMode","eventStatus":"https:\/\/schema.org\/EventScheduled","startDate":"2025-04-25T19:00:00+02:00","endDate":"2025-04-25T20:30:00+02:00","location":{"@type":"Place","name":"Sa Galeria Can Marc","description":"","url":"","address":{"@type":"PostalAddress","streetAddress":"14 Pla\u00e7a des Blanquer, 07300 Inca","addressLocality":"Inca","postalCode":"07300","addressCountry":"ES"},"telephone":"","sameAs":""},"organizer":{"@type":"Person","name":"Es Rac\u00f3 de ses Idees &#8211; Inca","description":"","url":"https:\/\/www.eventbrite.es\/o\/es-raco-de-ses-idees-inca-81935953723","telephone":"","email":"","sameAs":"https:\/\/www.eventbrite.es\/o\/es-raco-de-ses-idees-inca-81935953723"},"performer":"Organization"}}