{"id":272659,"global_id":"nueva-acropolis.es\/ca\/?id=272659","global_id_lineage":["nueva-acropolis.es\/ca\/?id=272659"],"author":"24","status":"publish","date":"2026-07-17 00:11:10","date_utc":"2026-07-16 22:11:10","modified":"2026-09-03 11:27:43","modified_utc":"2026-09-03 09:27:43","url":"https:\/\/nueva-acropolis.es\/ca\/evento\/curso-filosofia-para-vivir-110\/","rest_url":"https:\/\/nueva-acropolis.es\/ca\/wp-json\/tribe\/events\/v1\/events\/272659","title":"Curso Filosof\u00eda para Vivir","description":"<div>Explora y crece con el curso Filosof\u00eda para Vivir<\/div>\n<div style=\"margin-top: 20px\">\n<div style=\"margin: 20px 10px;font-size: 15px;line-height: 22px;font-weight: 400;text-align: left\">\n<h2>\ud83e\udeb7 Curso de Filosof\u00eda para Vivir \ud83e\udef6<\/h2>\n<h3><em><em>Un curso te\u00f3rico-pr\u00e1ctico para acercarse a las principales filosof\u00edas de Oriente y Occidente, en las que aprender a potenciar la \u00e9tica y los valores, mejorar las relaciones humanas y construir el futuro.<\/em><\/em><\/h3>\n<p><\/p>\n<p>\u2705 <strong><strong>ACTIVIDAD PRESENCIAL<\/strong><\/strong><\/p>\n<p>\ud83d\udcc5 <strong><strong>Fecha(s) y hora:<\/strong><\/strong><br \/><strong><strong>Martes 15 de septiembre &#8211; 20:30 h<\/strong><\/strong><\/p>\n<p>\ud83d\udccd <strong><strong>Lugar:<\/strong><\/strong> Av. de Pablo Iglesias, 134, 04003 Almer\u00eda<\/p>\n<p>\ud83d\udc65 <strong><strong>Aforo:<\/strong><\/strong> Plazas limitadas (se requiere reserva)<\/p>\n<p>\ud83d\udcda <strong><strong>Metodolog\u00eda:<\/strong><\/strong> Una clase por tema (cada clase dura dos horas), un d\u00eda a la semana.<\/p>\n<p>\u23f1 <strong><strong>Duraci\u00f3n:<\/strong><\/strong> 6 meses (50 horas)<\/p>\n<p><em><em>Presentaci\u00f3n y primera clase gratuita.<\/em><\/em><\/p>\n<p><strong><strong>Coste del curso: 30 \u20ac al mes.<\/strong><\/strong><\/p>\n<p>\ud83d\udd34 <strong><strong>Requisitos:<\/strong><\/strong><\/p>\n<ul>\n<li><strong><strong>Tener reserva previa<\/strong><\/strong><\/li>\n<li><strong><strong>Asistir con 10 min. de antelaci\u00f3n a la hora de inicio<\/strong><\/strong><\/li>\n<\/ul>\n<p><strong><strong>A qui\u00e9n va dirigido el curso:<\/strong><\/strong> Su forma, sencilla y profunda a la vez, permite que cualquier persona pueda seguirlo.<\/p>\n<p><strong><strong>Objetivo:<\/strong><\/strong> Ser una fuente de inspiraci\u00f3n para afrontar las grandes preguntas del ser humano, con sus retos personales y colectivos.<\/p>\n<h2>Temario del <em><em>Curso de Filosof\u00eda para Vivir<\/em><\/em><\/h2>\n<h3>\ud83d\udd39 PARA POTENCIAR LA \u00c9TICA Y LOS VALORES<\/h3>\n<p><strong><strong>1. Filosof\u00eda natural<\/strong><\/strong><\/p>\n<ul>\n<li>Los siete principios de la naturaleza<\/li>\n<li>\u00bfC\u00f3mo reconocer y desarrollar los valores humanos?<\/li>\n<\/ul>\n<p><strong><strong>2. El ser humano y el cosmos<\/strong><\/strong><\/p>\n<ul>\n<li>Consecuencias de nuestras acciones<\/li>\n<li>Dharma-Karma. Teor\u00eda de la reencarnaci\u00f3n<\/li>\n<\/ul>\n<p><strong><strong>3. La sabidur\u00eda de la India<\/strong><\/strong><\/p>\n<ul>\n<li>Simbolismo del <em><em>Bhagavad G\u00eet\u00e2<\/em><\/em><\/li>\n<li>Planteamiento del conflicto interior<\/li>\n<\/ul>\n<p><strong><strong>4. Los misterios del T\u00edbet<\/strong><\/strong><\/p>\n<ul>\n<li>Antiguos textos tibetanos: <em><em>La Voz del Silencio<\/em><\/em><\/li>\n<li>El valor de la introspecci\u00f3n y la reflexi\u00f3n<\/li>\n<\/ul>\n<p><strong><strong>5. Filosof\u00eda budista<\/strong><\/strong><\/p>\n<ul>\n<li>El dolor como veh\u00edculo de conciencia<\/li>\n<li>Las crisis: comprensi\u00f3n y superaci\u00f3n<\/li>\n<\/ul>\n<p><strong><strong>6. La sabidur\u00eda de China<\/strong><\/strong><\/p>\n<ul>\n<li>Confucio y sus ense\u00f1anzas<\/li>\n<li>La \u00e9tica en lo colectivo<\/li>\n<\/ul>\n<h3>\ud83d\udd39 PARA MEJORAR LAS RELACIONES HUMANAS<\/h3>\n<p><strong><strong>7. El reto de vivir en sociedad<\/strong><\/strong><\/p>\n<ul>\n<li>El factor humano<\/li>\n<li>Los problemas del mundo y el ser humano actual<\/li>\n<\/ul>\n<p><strong><strong>8. Plat\u00f3n<\/strong><\/strong><\/p>\n<ul>\n<li>El mito de la caverna: claves de interpretaci\u00f3n<\/li>\n<\/ul>\n<p><strong><strong>9. Arist\u00f3teles<\/strong><\/strong><\/p>\n<ul>\n<li>La b\u00fasqueda de la felicidad<\/li>\n<\/ul>\n<p><strong><strong>10. Plotino y la escuela neoplat\u00f3nica<\/strong><\/strong><\/p>\n<ul>\n<li>La escuela ecl\u00e9ctica de Alejandr\u00eda<\/li>\n<\/ul>\n<p><strong><strong>11. Importancia de la educaci\u00f3n<\/strong><\/strong><\/p>\n<ul>\n<li>El ciudadano y su protagonismo<\/li>\n<li>Saber pensar, saber elegir<\/li>\n<\/ul>\n<p><strong><strong>12. Egipto<\/strong><\/strong><\/p>\n<ul>\n<li>La regla de Maat<\/li>\n<li>La justicia como impulso colectivo<\/li>\n<\/ul>\n<p><strong><strong>13. El estoicismo: Ep\u00edcteto, S\u00e9neca y Marco Aurelio<\/strong><\/strong><\/p>\n<ul>\n<li>Roma y los ciudadanos del mundo<\/li>\n<\/ul>\n<h3>\ud83d\udd39 PARA CONSTRUIR EL FUTURO<\/h3>\n<p><strong><strong>14. Filosof\u00eda de la historia<\/strong><\/strong><\/p>\n<ul>\n<li>La experiencia como motor de futuro<\/li>\n<\/ul>\n<p><strong><strong>15. Importancia de la transmisi\u00f3n<\/strong><\/strong><\/p>\n<ul>\n<li>Historia: fuentes, fundamentos y ciencias complementarias<\/li>\n<\/ul>\n<p><strong><strong>16. Historia y mitolog\u00eda<\/strong><\/strong><\/p>\n<ul>\n<li>Realidad psicol\u00f3gica de los mitos<\/li>\n<li>Propiedades de los s\u00edmbolos<\/li>\n<\/ul>\n<p><strong><strong>17. Los ciclos de la historia<\/strong><\/strong><\/p>\n<ul>\n<li>El movimiento de la humanidad<\/li>\n<li>La rueda de la historia<\/li>\n<\/ul>\n<p><strong><strong>18. Libertad y destino<\/strong><\/strong><\/p>\n<ul>\n<li>Teor\u00eda hist\u00f3rica de Cicer\u00f3n<\/li>\n<li>Los arquetipos fijos y la evoluci\u00f3n de la humanidad<\/li>\n<li>Llegar a ser protagonista de la historia<\/li>\n<li>Llaves para abrir las puertas del futuro<\/li>\n<\/ul>\n<p><strong><strong>Pr\u00e1cticas de Psicolog\u00eda:<\/strong><\/strong> El curso incluye pr\u00e1cticas de psicolog\u00eda sobre: conciencia, concentraci\u00f3n, atenci\u00f3n, memoria, h\u00e1bitos, inteligencia, imaginaci\u00f3n, voluntad\u2026<\/p>\n<p>\ud83d\udd17 <strong><strong>Consulta el programa completo del curso y conoce m\u00e1s sobre nuestra instituci\u00f3n en <\/strong><\/strong><a href=\"https:\/\/nueva-acropolis.es\" title=\"https:\/\/nueva-acropolis.es\" target=\"_blank\" data-msys-clicktrack=\"0\" rel=\"nofollow noopener noreferrer\"><strong><strong>nuestra web<\/strong><\/strong><\/a><strong><strong>.<\/strong><\/strong><\/p>\n<\/div>\n<\/div>","excerpt":"","slug":"curso-filosofia-para-vivir-110","image":{"url":"https:\/\/nueva-acropolis.es\/wp-content\/uploads\/2026\/07\/272659_image-2.jpg","id":278346,"extension":"jpg","width":1600,"height":800,"filesize":120459,"sizes":{"medium":{"width":300,"height":150,"mime-type":"image\/jpeg","filesize":10438,"url":"https:\/\/nueva-acropolis.es\/wp-content\/uploads\/2026\/07\/272659_image-2-300x150.jpg"},"large":{"width":1024,"height":512,"mime-type":"image\/jpeg","filesize":71336,"url":"https:\/\/nueva-acropolis.es\/wp-content\/uploads\/2026\/07\/272659_image-2-1024x512.jpg"},"thumbnail":{"width":150,"height":150,"mime-type":"image\/jpeg","filesize":6044,"url":"https:\/\/nueva-acropolis.es\/wp-content\/uploads\/2026\/07\/272659_image-2-150x150.jpg"},"medium_large":{"width":768,"height":384,"mime-type":"image\/jpeg","filesize":45427,"url":"https:\/\/nueva-acropolis.es\/wp-content\/uploads\/2026\/07\/272659_image-2-768x384.jpg"},"1536x1536":{"width":1536,"height":768,"mime-type":"image\/jpeg","filesize":131177,"url":"https:\/\/nueva-acropolis.es\/wp-content\/uploads\/2026\/07\/272659_image-2-1536x768.jpg"},"shop-page-wp-product":{"width":300,"height":150,"mime-type":"image\/jpeg","filesize":10438,"url":"https:\/\/nueva-acropolis.es\/wp-content\/uploads\/2026\/07\/272659_image-2-300x150.jpg"}}},"all_day":false,"start_date":"2026-09-15 20:30:00","start_date_details":{"year":"2026","month":"09","day":"15","hour":"20","minutes":"30","seconds":"00"},"end_date":"2026-09-15 22:30:00","end_date_details":{"year":"2026","month":"09","day":"15","hour":"22","minutes":"30","seconds":"00"},"utc_start_date":"2026-09-15 18:30:00","utc_start_date_details":{"year":"2026","month":"09","day":"15","hour":"18","minutes":"30","seconds":"00"},"utc_end_date":"2026-09-15 20:30:00","utc_end_date_details":{"year":"2026","month":"09","day":"15","hour":"20","minutes":"30","seconds":"00"},"timezone":"Europe\/Madrid","timezone_abbr":"","cost":"","cost_details":{"currency_symbol":"","currency_code":"","currency_position":"","values":[]},"website":"https:\/\/www.eventbrite.es\/e\/entradas-curso-filosofia-para-vivir-1992998604476","show_map":true,"show_map_link":true,"hide_from_listings":false,"sticky":false,"featured":false,"categories":[{"name":"Almer\u00eda","slug":"almeria","term_group":0,"term_taxonomy_id":113,"taxonomy":"tribe_events_cat","description":"","parent":0,"count":86,"filter":"raw","id":113,"urls":{"self":"https:\/\/nueva-acropolis.es\/ca\/wp-json\/tribe\/events\/v1\/categories\/113","collection":"https:\/\/nueva-acropolis.es\/ca\/wp-json\/tribe\/events\/v1\/categories"}}],"tags":[],"venue":{"id":272657,"status":"publish","date":"2026-07-17 00:11:07","date_utc":"2026-07-16 22:11:07","modified":"2026-07-17 00:11:07","modified_utc":"2026-07-16 22:11:07","url":"https:\/\/nueva-acropolis.es\/lloc\/almeria-2\/","venue":"Almer\u00eda","slug":"almeria-2","address":"Av. de Pablo Iglesias, 134, 04003 Almer\u00eda","city":"Almer\u00eda","country":"ES","zip":"04003","json_ld":{"@type":"Place","name":"Almer\u00eda","description":"","url":"","address":{"@type":"PostalAddress","streetAddress":"Av. de Pablo Iglesias, 134, 04003 Almer\u00eda","addressLocality":"Almer\u00eda","postalCode":"04003","addressCountry":"ES"},"telephone":"","sameAs":""},"show_map":true,"show_map_link":true,"global_id":"nueva-acropolis.es\/ca\/?id=272657","global_id_lineage":["nueva-acropolis.es\/ca\/?id=272657"]},"organizer":[{"id":141618,"status":"publish","date":"2025-06-01 12:09:38","date_utc":"2025-06-01 10:09:38","modified":"2025-06-01 12:09:38","modified_utc":"2025-06-01 10:09:38","url":"https:\/\/nueva-acropolis.es\/organitzador\/nueva-acropolis-almeria\/","organizer":"Nueva Acr\u00f3polis Almer\u00eda","slug":"nueva-acropolis-almeria","website":"https:\/\/www.eventbrite.es\/o\/nueva-acropolis-almeria-14915040527","json_ld":{"@type":"Person","name":"Nueva Acr\u00f3polis Almer\u00eda","description":"","url":"https:\/\/www.eventbrite.es\/o\/nueva-acropolis-almeria-14915040527","telephone":"","email":"","sameAs":"https:\/\/www.eventbrite.es\/o\/nueva-acropolis-almeria-14915040527"},"global_id":"nueva-acropolis.es\/ca\/?id=141618","global_id_lineage":["nueva-acropolis.es\/ca\/?id=141618"]}],"custom_fields":[],"json_ld":{"@context":"http:\/\/schema.org","@type":"Event","name":"Curso Filosof\u00eda para Vivir","description":"&lt;p&gt;Explora y crece con el curso Filosof\u00eda para Vivir\ud83e\udeb7 Curso de Filosof\u00eda para Vivir \ud83e\udef6Un curso te\u00f3rico-pr\u00e1ctico para acercarse a las principales filosof\u00edas de Oriente y Occidente, en las que [&hellip;]&lt;\/p&gt;\\n","image":"https:\/\/nueva-acropolis.es\/wp-content\/uploads\/2026\/07\/272659_image-2.jpg","url":"https:\/\/nueva-acropolis.es\/ca\/evento\/curso-filosofia-para-vivir-110\/","eventAttendanceMode":"https:\/\/schema.org\/OfflineEventAttendanceMode","eventStatus":"https:\/\/schema.org\/EventScheduled","startDate":"2026-09-15T20:30:00+02:00","endDate":"2026-09-15T22:30:00+02:00","location":{"@type":"Place","name":"Almer\u00eda","description":"","url":"","address":{"@type":"PostalAddress","streetAddress":"Av. de Pablo Iglesias, 134, 04003 Almer\u00eda","addressLocality":"Almer\u00eda","postalCode":"04003","addressCountry":"ES"},"telephone":"","sameAs":""},"organizer":{"@type":"Person","name":"Nueva Acr\u00f3polis Almer\u00eda","description":"","url":"https:\/\/www.eventbrite.es\/o\/nueva-acropolis-almeria-14915040527","telephone":"","email":"","sameAs":"https:\/\/www.eventbrite.es\/o\/nueva-acropolis-almeria-14915040527"},"performer":"Organization"}}